{"id":29843,"date":"2025-12-29T18:42:09","date_gmt":"2025-12-29T17:42:09","guid":{"rendered":"https:\/\/folkparis.com\/?p=29843"},"modified":"2026-01-18T11:34:33","modified_gmt":"2026-01-18T10:34:33","slug":"le-choix-des-matieres-quand-le-textile-devient-sensation","status":"publish","type":"post","link":"https:\/\/folkparis.com\/en\/le-choix-des-matieres-quand-le-textile-devient-sensation\/","title":{"rendered":"Le choix des mati\u00e8res : quand le textile devient sensation"},"content":{"rendered":"<p>Une housse de coussin se reconna\u00eet d\u2019abord au toucher.<br>Avant m\u00eame la couleur ou la forme, c\u2019est la mati\u00e8re qui parle.<\/p>\n\n\n\n<p>Chez Folk Paris, le textile est choisi avec une attention particuli\u00e8re. Chaque mati\u00e8re est s\u00e9lectionn\u00e9e pour ce qu\u2019elle procure : douceur, chaleur, tenue, respiration. Le tissu ne doit jamais \u00eatre un simple d\u00e9cor, mais une exp\u00e9rience sensorielle.<\/p>\n\n\n\n<p>Les fibres utilis\u00e9es permettent aux housses de coussin de conserver leur beaut\u00e9 au fil du temps. Elles r\u00e9sistent \u00e0 l\u2019usage quotidien, aux variations de lumi\u00e8re, aux gestes r\u00e9p\u00e9t\u00e9s. Le tissu vit, mais ne s\u2019alt\u00e8re pas. Il se patine parfois, gagne en caract\u00e8re, sans jamais perdre son \u00e9l\u00e9gance.<\/p>\n\n\n\n<p>Cette exigence dans le choix des mati\u00e8res s\u2019inscrit dans une philosophie plus large : celle de ralentir. Acheter moins, mais mieux. Choisir des objets que l\u2019on garde, que l\u2019on r\u00e9utilise, que l\u2019on transmet.<\/p>\n\n\n\n<p>Une housse de coussin Folk Paris n\u2019est pas un simple accessoire d\u00e9coratif. C\u2019est un objet pens\u00e9 pour durer, pour s\u2019inscrire dans une histoire personnelle, celle d\u2019un int\u00e9rieur qui \u00e9volue sans jamais renier son identit\u00e9.<\/p>\n\n\n\n<p>Voici le site : <a href=\"https:\/\/folkparis.com\/en\/\">https:\/\/folkparis.com\/<\/a><\/p>","protected":false},"excerpt":{"rendered":"<p>Une housse de coussin se reconna\u00eet d\u2019abord au toucher.Avant m\u00eame la couleur ou la forme, c\u2019est la mati\u00e8re qui parle. Chez Folk Paris, le textile est choisi avec une attention particuli\u00e8re. Chaque mati\u00e8re est s\u00e9lectionn\u00e9e pour ce qu\u2019elle procure : douceur, chaleur, tenue, respiration. Le tissu ne doit jamais \u00eatre un simple d\u00e9cor, mais une [&hellip;]<\/p>\n","protected":false},"author":2,"featured_media":29816,"comment_status":"closed","ping_status":"closed","sticky":false,"template":"","format":"standard","meta":{"_acf_changed":false,"_et_pb_use_builder":"off","_et_pb_old_content":"","_et_gb_content_width":"","_jetpack_memberships_contains_paid_content":false,"footnotes":""},"categories":[75],"tags":[],"class_list":["post-29843","post","type-post","status-publish","format-standard","has-post-thumbnail","hentry","category-produits-folk-paris"],"acf":[],"jetpack_featured_media_url":"https:\/\/i0.wp.com\/folkparis.com\/wp-content\/uploads\/2021\/05\/a994c065-66a2-49db-b684-1c500421f7d6.png?fit=1536%2C1024&ssl=1","jetpack_shortlink":"https:\/\/wp.me\/pbSYqJ-7Ll","jetpack_sharing_enabled":true,"_links":{"self":[{"href":"https:\/\/folkparis.com\/en\/wp-json\/wp\/v2\/posts\/29843","targetHints":{"allow":["GET"]}}],"collection":[{"href":"https:\/\/folkparis.com\/en\/wp-json\/wp\/v2\/posts"}],"about":[{"href":"https:\/\/folkparis.com\/en\/wp-json\/wp\/v2\/types\/post"}],"author":[{"embeddable":true,"href":"https:\/\/folkparis.com\/en\/wp-json\/wp\/v2\/users\/2"}],"replies":[{"embeddable":true,"href":"https:\/\/folkparis.com\/en\/wp-json\/wp\/v2\/comments?post=29843"}],"version-history":[{"count":1,"href":"https:\/\/folkparis.com\/en\/wp-json\/wp\/v2\/posts\/29843\/revisions"}],"predecessor-version":[{"id":29844,"href":"https:\/\/folkparis.com\/en\/wp-json\/wp\/v2\/posts\/29843\/revisions\/29844"}],"wp:featuredmedia":[{"embeddable":true,"href":"https:\/\/folkparis.com\/en\/wp-json\/wp\/v2\/media\/29816"}],"wp:attachment":[{"href":"https:\/\/folkparis.com\/en\/wp-json\/wp\/v2\/media?parent=29843"}],"wp:term":[{"taxonomy":"category","embeddable":true,"href":"https:\/\/folkparis.com\/en\/wp-json\/wp\/v2\/categories?post=29843"},{"taxonomy":"post_tag","embeddable":true,"href":"https:\/\/folkparis.com\/en\/wp-json\/wp\/v2\/tags?post=29843"}],"curies":[{"name":"wp","href":"https:\/\/api.w.org\/{rel}","templated":true}]}}